{"id":1633,"date":"2026-03-14T16:21:51","date_gmt":"2026-03-14T16:21:51","guid":{"rendered":"https:\/\/association-borromee.fr\/?p=1633"},"modified":"2026-04-16T14:51:29","modified_gmt":"2026-04-16T14:51:29","slug":"philippe-pierre-yves-paul","status":"publish","type":"post","link":"https:\/\/association-borromee.fr\/?p=1633","title":{"rendered":"Philippe PIERRE &amp; Yves PAUL"},"content":{"rendered":"\n<p>\u00ab\u00a0Ad\u00e8le Yon, \u00e0 la recherche d\u2019une parole confisqu\u00e9e\u00a0\u00bb<\/p>\n\n\n\n<p class=\"has-small-font-size\"><strong>Samedi 30 mai 2026<\/strong><\/p>\n\n\n\n<p>de 14 h \u00e0 16h : Maison des associations, 1 rue du Coetlosquet, Metz<\/p>\n\n\n\n<p class=\"has-small-font-size\">La publication en f\u00e9vrier 2025 du r\u00e9cit autobiographique d&rsquo;Ad\u00e8le Yon \u2013 issu de son travail de th\u00e8se \u2013 <em>\u00ab&nbsp;Mon vrai nom est \u00c9lisabeth&nbsp;\u00bb,<\/em> nous a conduit \u00e0 tenter de l&rsquo;inviter \u00e0 Metz. Malheureusement, son emploi du temps en a d\u00e9cid\u00e9 autrement.<\/p>\n\n\n\n<p class=\"has-small-font-size\">Pour trouver trace du douloureux parcours psychiatrique de son arri\u00e8re-grand-m\u00e8re (Elisabeth) l\u2019autrice a men\u00e9 une v\u00e9ritable \u00ab&nbsp;enqu\u00eate psychanalytique&nbsp;\u00bb mue par une grande angoisse car le roman familial, tout en occultant les circonstances de l\u2019hospitalisation de son a\u00efeule (surnomm\u00e9e Betty), a laiss\u00e9 croire que sa maladie (schizophr\u00e9nie) pouvait \u00eatre transmissible h\u00e9r\u00e9ditairement aux femmes de la famille&nbsp;! Mais pour rendre compte de cette passionnante recherche personnelle il nous faudra d\u2019abord en situer le cadre &nbsp;en&nbsp; &nbsp;pr\u00e9sentant l\u2019histoire du traitement de la folie depuis l\u2019Antiquit\u00e9 en insistant sur le XIX\u00e8me si\u00e8cle, v\u00e9ritable d\u00e9but de la psychiatrie. Enfin nous nous pencherons sur les diff\u00e9rentes&nbsp; pratiques hospitali\u00e8res au XX\u00e8me et XXI\u00e8me si\u00e8cle, p\u00e9riodes&nbsp; o\u00f9 la psychiatrie a cohabit\u00e9 pendant de nombreuses ann\u00e9es avec la psychanalyse.<\/p>\n\n\n<div class=\"wp-block-image\">\n<figure class=\"aligncenter size-large is-resized\"><a href=\"https:\/\/association-borromee.fr\/wp-content\/uploads\/2026\/03\/9782378288235-scaled-1.jpg\"><img loading=\"lazy\" decoding=\"async\" width=\"666\" height=\"1024\" src=\"https:\/\/association-borromee.fr\/wp-content\/uploads\/2026\/03\/9782378288235-scaled-1-666x1024.jpg\" alt=\"\" class=\"wp-image-1647\" style=\"aspect-ratio:0.6503964128900129;width:309px;height:auto\" srcset=\"https:\/\/association-borromee.fr\/wp-content\/uploads\/2026\/03\/9782378288235-scaled-1-666x1024.jpg 666w, https:\/\/association-borromee.fr\/wp-content\/uploads\/2026\/03\/9782378288235-scaled-1-195x300.jpg 195w, https:\/\/association-borromee.fr\/wp-content\/uploads\/2026\/03\/9782378288235-scaled-1-768x1182.jpg 768w, https:\/\/association-borromee.fr\/wp-content\/uploads\/2026\/03\/9782378288235-scaled-1-998x1536.jpg 998w, https:\/\/association-borromee.fr\/wp-content\/uploads\/2026\/03\/9782378288235-scaled-1-1331x2048.jpg 1331w, https:\/\/association-borromee.fr\/wp-content\/uploads\/2026\/03\/9782378288235-scaled-1-624x960.jpg 624w, https:\/\/association-borromee.fr\/wp-content\/uploads\/2026\/03\/9782378288235-scaled-1.jpg 1664w\" sizes=\"auto, (max-width: 666px) 100vw, 666px\" \/><\/a><\/figure>\n<\/div>","protected":false},"excerpt":{"rendered":"<p>\u00ab\u00a0Ad\u00e8le Yon, \u00e0 la recherche d\u2019une parole confisqu\u00e9e\u00a0\u00bb Samedi 30 mai 2026 de 14 h \u00e0 16h : Maison des associations, 1 rue du Coetlosquet, Metz La publication en f\u00e9vrier 2025 du r\u00e9cit autobiographique d&rsquo;Ad\u00e8le Yon \u2013 issu de son travail de th\u00e8se \u2013 \u00ab&nbsp;Mon vrai nom est \u00c9lisabeth&nbsp;\u00bb, nous a conduit \u00e0 tenter de [&hellip;]<\/p>\n","protected":false},"author":3,"featured_media":0,"comment_status":"closed","ping_status":"closed","sticky":false,"template":"","format":"standard","meta":{"footnotes":""},"categories":[1],"tags":[],"class_list":["post-1633","post","type-post","status-publish","format-standard","hentry","category-uncategorized"],"_links":{"self":[{"href":"https:\/\/association-borromee.fr\/index.php?rest_route=\/wp\/v2\/posts\/1633","targetHints":{"allow":["GET"]}}],"collection":[{"href":"https:\/\/association-borromee.fr\/index.php?rest_route=\/wp\/v2\/posts"}],"about":[{"href":"https:\/\/association-borromee.fr\/index.php?rest_route=\/wp\/v2\/types\/post"}],"author":[{"embeddable":true,"href":"https:\/\/association-borromee.fr\/index.php?rest_route=\/wp\/v2\/users\/3"}],"replies":[{"embeddable":true,"href":"https:\/\/association-borromee.fr\/index.php?rest_route=%2Fwp%2Fv2%2Fcomments&post=1633"}],"version-history":[{"count":4,"href":"https:\/\/association-borromee.fr\/index.php?rest_route=\/wp\/v2\/posts\/1633\/revisions"}],"predecessor-version":[{"id":1653,"href":"https:\/\/association-borromee.fr\/index.php?rest_route=\/wp\/v2\/posts\/1633\/revisions\/1653"}],"wp:attachment":[{"href":"https:\/\/association-borromee.fr\/index.php?rest_route=%2Fwp%2Fv2%2Fmedia&parent=1633"}],"wp:term":[{"taxonomy":"category","embeddable":true,"href":"https:\/\/association-borromee.fr\/index.php?rest_route=%2Fwp%2Fv2%2Fcategories&post=1633"},{"taxonomy":"post_tag","embeddable":true,"href":"https:\/\/association-borromee.fr\/index.php?rest_route=%2Fwp%2Fv2%2Ftags&post=1633"}],"curies":[{"name":"wp","href":"https:\/\/api.w.org\/{rel}","templated":true}]}}